{"id":56,"date":"2007-01-16T07:00:22","date_gmt":"2007-01-16T05:00:22","guid":{"rendered":"http:\/\/www.lago-maggiore-urlaub.de\/blog\/eine-lago-delio-legende\/"},"modified":"2017-04-17T14:09:15","modified_gmt":"2017-04-17T12:09:15","slug":"eine-lago-delio-legende","status":"publish","type":"post","link":"https:\/\/www.lago-maggiore-urlaub.de\/blog\/eine-lago-delio-legende\/","title":{"rendered":"Eine Lago D&#8217;Elio Legende"},"content":{"rendered":"<p>Kurz eine Bemerkung vorweg:<br \/>\nIm italienischen ist die Sonne: il sole, also m\u00e4nnlich. Elio ist der Sonnengott.<\/p>\n<p>Ein junges M\u00e4dchen trank aus dem Bach, der den Lago D\u2019Elio speist, als es eine Stimme h\u00f6rt, die aus dem Wasser kommt sie fragt fl\u00fcsternd fragt, ob sie verliebt w\u00e4re. Das M\u00e4dchen antwortet, dass sie sich verliebt h\u00e4tte, sie w\u00fcsste aber nicht in wen.<\/p>\n<p>Sie hatte nur gemerkt, dass, wenn sie sich im Fr\u00fchling auf die Wiese zwischen die Blumen legt,  von einer eigenartigen Empfindung \u00fcbermannt wird und das ihr Herz schneller schl\u00e4gt, genau so, wie es ist, wenn man verliebt ist.  So hat das Wasser ihr verraten, dass ER am l\u00e4ngsten Tag des Sommers gekommen w\u00e4re.<br \/>\nEs war die Sonne, die auf sie aufmerksam geworden war,  als sie ihre Herde h\u00fctete und hatte sich in sie verliebt.<br \/>\nSo hatte er sich entschlossen, sich ihr am einzigen Tag, der sich nur alle hundert Jahre wiederholt, an dem sie menschliche Formen annehmen kann, zu offenbaren.  Als dann, am Tage der Sommersonnenwende, das M\u00e4dchen einen J\u00fcngling mit leuchtenden Augen auf sich zukommen sah,  wusste sie, das dieses die Liebe war, auf die sie schon immer gewartet hatte.<br \/>\nSie liebten sich den ganzen Tag und nachdem die Sonne wieder gegangen war,  kam das M\u00e4dchen, obwohl sie wusste, dass er die n\u00e4chsten hundert Jahre nicht wiederkommen konnte an das Ufer des kleinen Sees und hob die Augen zum Himmel um ihren verlorenen Geliebten zu sehen.<br \/>\nDie Quelle, von Mitleid ger\u00fchrt, gab ihr einen Rat. Das M\u00e4dchen trat in den Bach und ging in Richtung See, in dem sie sich nach und nach aufl\u00f6ste, Teil der Natur wurde und sich so mit ihrer grossen Liebe, der Sonne vereinigen konnte.<\/p>\n","protected":false},"excerpt":{"rendered":"<p>Kurz eine Bemerkung vorweg: Im italienischen ist die Sonne: il sole, also m\u00e4nnlich. Elio ist der Sonnengott. Ein junges M\u00e4dchen trank aus dem Bach, der den Lago D\u2019Elio speist, als es eine Stimme h\u00f6rt, die aus dem Wasser kommt sie fragt fl\u00fcsternd fragt, ob sie verliebt w\u00e4re. Das M\u00e4dchen antwortet, dass sie sich verliebt h\u00e4tte, [&hellip;]<\/p>\n","protected":false},"author":2,"featured_media":0,"comment_status":"open","ping_status":"open","sticky":false,"template":"","format":"standard","meta":{"footnotes":""},"categories":[170,36,26,1],"tags":[],"class_list":["post-56","post","type-post","status-publish","format-standard","hentry","category-blumen","category-geschichte","category-natur","category-oberitalienische-seen"],"yoast_head":"<!-- This site is optimized with the Yoast SEO plugin v25.6 - https:\/\/yoast.com\/wordpress\/plugins\/seo\/ -->\n<title>Eine Lago D&#039;Elio Legende - Lago Maggiore<\/title>\n<meta name=\"description\" content=\"Am Lago Maggiore: Eine Lago D&#039;Elio Legende - Oberitalienische Seen und Tessin, Schweiz.\" \/>\n<meta name=\"robots\" content=\"index, follow, max-snippet:-1, max-image-preview:large, max-video-preview:-1\" \/>\n<link rel=\"canonical\" href=\"https:\/\/www.lago-maggiore-urlaub.de\/blog\/eine-lago-delio-legende\/\" \/>\n<meta property=\"og:locale\" content=\"de_DE\" \/>\n<meta property=\"og:type\" content=\"article\" \/>\n<meta property=\"og:title\" content=\"Eine Lago D&#039;Elio Legende - Lago Maggiore\" \/>\n<meta property=\"og:description\" content=\"Am Lago Maggiore: Eine Lago D&#039;Elio Legende - Oberitalienische Seen und Tessin, Schweiz.\" \/>\n<meta property=\"og:url\" content=\"https:\/\/www.lago-maggiore-urlaub.de\/blog\/eine-lago-delio-legende\/\" \/>\n<meta property=\"og:site_name\" content=\"Lago Maggiore Infos\" \/>\n<meta property=\"article:publisher\" content=\"https:\/\/www.facebook.com\/LagoMaggioreUrlaub\" \/>\n<meta property=\"article:published_time\" content=\"2007-01-16T05:00:22+00:00\" \/>\n<meta property=\"article:modified_time\" content=\"2017-04-17T12:09:15+00:00\" \/>\n<meta name=\"author\" content=\"Christel Schicht-Pedroni\" \/>\n<meta name=\"twitter:card\" content=\"summary_large_image\" \/>\n<meta name=\"twitter:creator\" content=\"@lagomaggioreurl\" \/>\n<meta name=\"twitter:site\" content=\"@lagomaggioreurl\" \/>\n<meta name=\"twitter:label1\" content=\"Verfasst von\" \/>\n\t<meta name=\"twitter:data1\" content=\"Christel Schicht-Pedroni\" \/>\n\t<meta name=\"twitter:label2\" content=\"Gesch\u00e4tzte Lesezeit\" \/>\n\t<meta name=\"twitter:data2\" content=\"2\u00a0Minuten\" \/>\n<script type=\"application\/ld+json\" class=\"yoast-schema-graph\">{\"@context\":\"https:\/\/schema.org\",\"@graph\":[{\"@type\":\"WebPage\",\"@id\":\"https:\/\/www.lago-maggiore-urlaub.de\/blog\/eine-lago-delio-legende\/\",\"url\":\"https:\/\/www.lago-maggiore-urlaub.de\/blog\/eine-lago-delio-legende\/\",\"name\":\"Eine Lago D'Elio Legende - Lago Maggiore\",\"isPartOf\":{\"@id\":\"https:\/\/www.lago-maggiore-urlaub.de\/blog\/#website\"},\"datePublished\":\"2007-01-16T05:00:22+00:00\",\"dateModified\":\"2017-04-17T12:09:15+00:00\",\"author\":{\"@id\":\"https:\/\/www.lago-maggiore-urlaub.de\/blog\/#\/schema\/person\/3e428ba84e76e892325946ea549d0c2d\"},\"description\":\"Am Lago Maggiore: Eine Lago D'Elio Legende - Oberitalienische Seen und Tessin, Schweiz.\",\"breadcrumb\":{\"@id\":\"https:\/\/www.lago-maggiore-urlaub.de\/blog\/eine-lago-delio-legende\/#breadcrumb\"},\"inLanguage\":\"de\",\"potentialAction\":[{\"@type\":\"ReadAction\",\"target\":[\"https:\/\/www.lago-maggiore-urlaub.de\/blog\/eine-lago-delio-legende\/\"]}]},{\"@type\":\"BreadcrumbList\",\"@id\":\"https:\/\/www.lago-maggiore-urlaub.de\/blog\/eine-lago-delio-legende\/#breadcrumb\",\"itemListElement\":[{\"@type\":\"ListItem\",\"position\":1,\"name\":\"Home\",\"item\":\"https:\/\/www.lago-maggiore-urlaub.de\/blog\/\"},{\"@type\":\"ListItem\",\"position\":2,\"name\":\"Eine Lago D&#8217;Elio Legende\"}]},{\"@type\":\"WebSite\",\"@id\":\"https:\/\/www.lago-maggiore-urlaub.de\/blog\/#website\",\"url\":\"https:\/\/www.lago-maggiore-urlaub.de\/blog\/\",\"name\":\"Lago Maggiore Infos\",\"description\":\"Urlaub an den Oberitalienischen Seen und im Schweizer Tessin...\",\"potentialAction\":[{\"@type\":\"SearchAction\",\"target\":{\"@type\":\"EntryPoint\",\"urlTemplate\":\"https:\/\/www.lago-maggiore-urlaub.de\/blog\/?s={search_term_string}\"},\"query-input\":{\"@type\":\"PropertyValueSpecification\",\"valueRequired\":true,\"valueName\":\"search_term_string\"}}],\"inLanguage\":\"de\"},{\"@type\":\"Person\",\"@id\":\"https:\/\/www.lago-maggiore-urlaub.de\/blog\/#\/schema\/person\/3e428ba84e76e892325946ea549d0c2d\",\"name\":\"Christel Schicht-Pedroni\",\"image\":{\"@type\":\"ImageObject\",\"inLanguage\":\"de\",\"@id\":\"https:\/\/www.lago-maggiore-urlaub.de\/blog\/#\/schema\/person\/image\/\",\"url\":\"https:\/\/secure.gravatar.com\/avatar\/9d33eeb61f96a79c02d47f218dac5f9f?s=96&d=mm&r=g\",\"contentUrl\":\"https:\/\/secure.gravatar.com\/avatar\/9d33eeb61f96a79c02d47f218dac5f9f?s=96&d=mm&r=g\",\"caption\":\"Christel Schicht-Pedroni\"},\"sameAs\":[\"https:\/\/www.lago-maggiore-urlaub.de\/ferienwohnungen_ferienhaeuser\/\"]}]}<\/script>\n<!-- \/ Yoast SEO plugin. -->","yoast_head_json":{"title":"Eine Lago D'Elio Legende - Lago Maggiore","description":"Am Lago Maggiore: Eine Lago D'Elio Legende - Oberitalienische Seen und Tessin, Schweiz.","robots":{"index":"index","follow":"follow","max-snippet":"max-snippet:-1","max-image-preview":"max-image-preview:large","max-video-preview":"max-video-preview:-1"},"canonical":"https:\/\/www.lago-maggiore-urlaub.de\/blog\/eine-lago-delio-legende\/","og_locale":"de_DE","og_type":"article","og_title":"Eine Lago D'Elio Legende - Lago Maggiore","og_description":"Am Lago Maggiore: Eine Lago D'Elio Legende - Oberitalienische Seen und Tessin, Schweiz.","og_url":"https:\/\/www.lago-maggiore-urlaub.de\/blog\/eine-lago-delio-legende\/","og_site_name":"Lago Maggiore Infos","article_publisher":"https:\/\/www.facebook.com\/LagoMaggioreUrlaub","article_published_time":"2007-01-16T05:00:22+00:00","article_modified_time":"2017-04-17T12:09:15+00:00","author":"Christel Schicht-Pedroni","twitter_card":"summary_large_image","twitter_creator":"@lagomaggioreurl","twitter_site":"@lagomaggioreurl","twitter_misc":{"Verfasst von":"Christel Schicht-Pedroni","Gesch\u00e4tzte Lesezeit":"2\u00a0Minuten"},"schema":{"@context":"https:\/\/schema.org","@graph":[{"@type":"WebPage","@id":"https:\/\/www.lago-maggiore-urlaub.de\/blog\/eine-lago-delio-legende\/","url":"https:\/\/www.lago-maggiore-urlaub.de\/blog\/eine-lago-delio-legende\/","name":"Eine Lago D'Elio Legende - Lago Maggiore","isPartOf":{"@id":"https:\/\/www.lago-maggiore-urlaub.de\/blog\/#website"},"datePublished":"2007-01-16T05:00:22+00:00","dateModified":"2017-04-17T12:09:15+00:00","author":{"@id":"https:\/\/www.lago-maggiore-urlaub.de\/blog\/#\/schema\/person\/3e428ba84e76e892325946ea549d0c2d"},"description":"Am Lago Maggiore: Eine Lago D'Elio Legende - Oberitalienische Seen und Tessin, Schweiz.","breadcrumb":{"@id":"https:\/\/www.lago-maggiore-urlaub.de\/blog\/eine-lago-delio-legende\/#breadcrumb"},"inLanguage":"de","potentialAction":[{"@type":"ReadAction","target":["https:\/\/www.lago-maggiore-urlaub.de\/blog\/eine-lago-delio-legende\/"]}]},{"@type":"BreadcrumbList","@id":"https:\/\/www.lago-maggiore-urlaub.de\/blog\/eine-lago-delio-legende\/#breadcrumb","itemListElement":[{"@type":"ListItem","position":1,"name":"Home","item":"https:\/\/www.lago-maggiore-urlaub.de\/blog\/"},{"@type":"ListItem","position":2,"name":"Eine Lago D&#8217;Elio Legende"}]},{"@type":"WebSite","@id":"https:\/\/www.lago-maggiore-urlaub.de\/blog\/#website","url":"https:\/\/www.lago-maggiore-urlaub.de\/blog\/","name":"Lago Maggiore Infos","description":"Urlaub an den Oberitalienischen Seen und im Schweizer Tessin...","potentialAction":[{"@type":"SearchAction","target":{"@type":"EntryPoint","urlTemplate":"https:\/\/www.lago-maggiore-urlaub.de\/blog\/?s={search_term_string}"},"query-input":{"@type":"PropertyValueSpecification","valueRequired":true,"valueName":"search_term_string"}}],"inLanguage":"de"},{"@type":"Person","@id":"https:\/\/www.lago-maggiore-urlaub.de\/blog\/#\/schema\/person\/3e428ba84e76e892325946ea549d0c2d","name":"Christel Schicht-Pedroni","image":{"@type":"ImageObject","inLanguage":"de","@id":"https:\/\/www.lago-maggiore-urlaub.de\/blog\/#\/schema\/person\/image\/","url":"https:\/\/secure.gravatar.com\/avatar\/9d33eeb61f96a79c02d47f218dac5f9f?s=96&d=mm&r=g","contentUrl":"https:\/\/secure.gravatar.com\/avatar\/9d33eeb61f96a79c02d47f218dac5f9f?s=96&d=mm&r=g","caption":"Christel Schicht-Pedroni"},"sameAs":["https:\/\/www.lago-maggiore-urlaub.de\/ferienwohnungen_ferienhaeuser\/"]}]}},"_links":{"self":[{"href":"https:\/\/www.lago-maggiore-urlaub.de\/blog\/wp-json\/wp\/v2\/posts\/56"}],"collection":[{"href":"https:\/\/www.lago-maggiore-urlaub.de\/blog\/wp-json\/wp\/v2\/posts"}],"about":[{"href":"https:\/\/www.lago-maggiore-urlaub.de\/blog\/wp-json\/wp\/v2\/types\/post"}],"author":[{"embeddable":true,"href":"https:\/\/www.lago-maggiore-urlaub.de\/blog\/wp-json\/wp\/v2\/users\/2"}],"replies":[{"embeddable":true,"href":"https:\/\/www.lago-maggiore-urlaub.de\/blog\/wp-json\/wp\/v2\/comments?post=56"}],"version-history":[{"count":3,"href":"https:\/\/www.lago-maggiore-urlaub.de\/blog\/wp-json\/wp\/v2\/posts\/56\/revisions"}],"predecessor-version":[{"id":3692,"href":"https:\/\/www.lago-maggiore-urlaub.de\/blog\/wp-json\/wp\/v2\/posts\/56\/revisions\/3692"}],"wp:attachment":[{"href":"https:\/\/www.lago-maggiore-urlaub.de\/blog\/wp-json\/wp\/v2\/media?parent=56"}],"wp:term":[{"taxonomy":"category","embeddable":true,"href":"https:\/\/www.lago-maggiore-urlaub.de\/blog\/wp-json\/wp\/v2\/categories?post=56"},{"taxonomy":"post_tag","embeddable":true,"href":"https:\/\/www.lago-maggiore-urlaub.de\/blog\/wp-json\/wp\/v2\/tags?post=56"}],"curies":[{"name":"wp","href":"https:\/\/api.w.org\/{rel}","templated":true}]}}