{"id":4101,"date":"2021-03-24T22:19:59","date_gmt":"2021-03-24T21:19:59","guid":{"rendered":"https:\/\/www.lago-maggiore-urlaub.de\/blog\/?p=4101"},"modified":"2021-03-26T10:24:40","modified_gmt":"2021-03-26T09:24:40","slug":"dario-fo-und-pino","status":"publish","type":"post","link":"https:\/\/www.lago-maggiore-urlaub.de\/blog\/dario-fo-und-pino\/","title":{"rendered":"Dario Fo <em>oder<\/em> Kein Prophet gilt etwas im eigenen Land"},"content":{"rendered":"\n<p>Das ist ja nichts Neues und trotzdem \u00e4rgere ich mich jedes Mal, wenn ich mit Leuten spreche, so wie vor ein paar Tagen, mit einem Stadtrat von <a target=\"_blank\" href=\"https:\/\/www.lago-maggiore-urlaub.de\/maccagno\/\"  title=\"Urlaub in Maccagno\">Maccagno<\/a>. Er hatte ein Treffen zwischen mir und dem neuen Pr\u00e4sidenten unseres Fremdenverkehrsb\u00fcros organisiert. Wir haben gesprochen, \u00fcber Veranstaltungen die fr\u00fcher hier in <a target=\"_blank\" href=\"https:\/\/www.lago-maggiore-urlaub.de\/pino\/\"  title=\"Urlaub in Pino\">Pino<\/a> stattgefunden haben und \u00fcberlegt, was man vielleicht machen kann, um das Dorf auch f\u00fcr Besucher interessant zu machen.<\/p>\n\n\n\n<p>Ich meinte, dass es im Grunde eine Schande ist, dass hier einfach nicht zur Kenntnis genommen wird, dass wir einen <strong>Literatur-Nobel-Preistr\u00e4ger<\/strong> haben, der in Pino seine fr\u00fche Kindheit verbracht hat. <strong>Dario Fo<\/strong> ist die ersten Schuljahre hier in Pino zur Schule gegangen, denn sein Vater war Bahnhofsvorsteher am Bahnhof Pino Tronzano.<\/p>\n\n\n\n<p><img loading=\"lazy\" decoding=\"async\" src=\"https:\/\/www.lago-maggiore-urlaub.de\/bilder\/blog\/dario-fo\/bahnhof-pino-tronzano.jpg\" alt=\"Bahnhof Pino Tronzano\" title=\"Hier am Bahnhof Pino Tronzano hat Dario Fos Vater gearbeitet\" width=\"520\" height=\"390\"\/>\n<em>Hier am Bahnhof Pino Tronzano hat Dario Fos Vater gearbeitet<\/em><\/p>\n\n\n\n<p>Die ersten drei Schuljahre gingen die Kinder also in Pino zur Schule, die im mittelalterlichen Turm untergebracht ist, dem &#8222;Torre di Pino&#8220;.<\/p>\n\n\n\n<p><\/p><p><img loading=\"lazy\" decoding=\"async\" src=\"https:\/\/www.lago-maggiore-urlaub.de\/bilder\/blog\/dario-fo\/torre-di-pino.jpg\" alt=\"Turm Torre di Pino\" title=\"Hier im Turm Torre di Pino befand sich fr\u00fcher die Schule\" width=\"450\" height=\"554\"\/><\/p>\n<p><em>Das ist der historische Turm, der sog. Torre di Pino, in dem sich fr\u00fcher die Schule befand, in die Dario Fo einige Jahre lang gegangen ist.<\/em><\/p>\n\n\n<p><\/p>\n\n\n<p>\nDanach mussten sie dann nach <a target=\"_blank\" href=\"https:\/\/www.lago-maggiore-urlaub.de\/bassano\/\"  title=\"Urlaub in Bassano\">Bassano<\/a> laufen. Da war der Vater dann aber schon woanders hin versetzt worden.\n<\/p>\n\n\n\n<p>Dario hat ein Buch \u00fcber (vor allem) seine Jugend  geschrieben. Die deutsche \u00dcbersetzung hei\u00dft \u201e<a href=\"https:\/\/www.lago-maggiore-urlaub.de\/service\/buecher\/reisefuehrer.php?buch=dario-fo-sieben-jahre\" rel=\"nofollow\"  target=\"_blank\">Meine ersten sieben Jahre und ein paar dazu<\/a>\u201c.<\/p>\n\n\n\n<p>Aber nein, es stimmt nicht. Mir wird jedes mal, wenn ich darauf zu sprechen komme erz\u00e4hlt, dass er in Bassano zur Schule gegangen sei. Dort spielte man mal mit dem Gedanken, die Schule nach ihm zu benennen. Dazu gibt es verschiedene Zeitungsartikel.<\/p>\n\n\n\n<p><img loading=\"lazy\" decoding=\"async\" src=\"https:\/\/www.lago-maggiore-urlaub.de\/bilder\/blog\/dario-fo\/bassano-alte-schule.jpg\" alt=\"Bassano Alte Schule\" title=\"Die alte Schule in Bassano, wo Dario Fo vermutlich ebenfalls kurz zur Schule ging\" width=\"520\" height=\"339\"\/><br \/>\n<em>Die alte Schule in Bassano, wo Dario Fo vermutlich ebenfalls kurze Zeit die Schule besuchte<\/em><\/p>\n\n\n\n<p>Einen anderen Artikel gibt es, wo gesagt wird, dass die Familie 1932 nach Pino gezogen ist. Das stimmt auch nicht, weil Dario 1932 eingeschult wurde, die Familie damals aber schon ein paar Jahre in der Wohnung \u00fcber dem Bahnhof wohnte.<\/p>\n\n\n\n<p>All dieses und viel mehr kann man in dem Buch<br \/>\nnachlesen. Das kann ich jedem Lago Maggiore Freund nur empfehlen. Es ist<br \/>\nteilweise sehr lustig und man begreift, wie er dazu gekommen ist, der zu<br \/>\nwerden, der er geworden ist.<\/p>\n\n\n\n<p><img loading=\"lazy\" decoding=\"async\" src=\"https:\/\/www.lago-maggiore-urlaub.de\/bilder\/blog\/dario-fo\/pino-platz-mit-bank.jpg\" alt=\"Pino Platz\" title=\"Der zentrale Platz in Pino, auf dem Dario Fo in seinen letzten Jahren gesehen worden sein soll\" width=\"520\" height=\"376\"\/><br \/>\n<em>Der zentrale Platz in Pino, auf dem Dario Fo in seinen letzten Jahren gesehen worden sein soll<\/em><\/p>\n\n\n\n<p>Ich habe vor Jahren schon einmal einen Artikel \u00fcber Dario Fo am Lago Maggiore geschrieben: <a target=\"_blank\" href=\"https:\/\/www.lago-maggiore-urlaub.de\/blog\/dario-fo-am-lago-maggiore\/\"  title=\"Dario Fo Lago Maggiore\">https:\/\/www.lago-maggiore-urlaub.de\/blog\/dario-fo-am-lago-maggiore\/<\/a><\/p>\n\n\n\n<p><img loading=\"lazy\" decoding=\"async\" src=\"https:\/\/www.lago-maggiore-urlaub.de\/bilder\/blog\/dario-fo\/pino-alte-postkarte.jpg\" alt=\"Pino - alte Postkarte\" title=\"Historische Postkarte von Pino aus der Zeit, in der Dario Fo hier gelebt hat\" width=\"520\" height=\"358\"\/><br \/>\n<em>Historische Postkarte von Pino aus der Zeit, in der Dario Fo hier gelebt hat<\/em><\/p>\n","protected":false},"excerpt":{"rendered":"<p>Das ist ja nichts Neues und trotzdem \u00e4rgere ich mich jedes Mal, wenn ich mit Leuten spreche, so wie vor ein paar Tagen, mit einem Stadtrat von Maccagno. Er hatte ein Treffen zwischen mir und dem neuen Pr\u00e4sidenten unseres Fremdenverkehrsb\u00fcros organisiert. Wir haben gesprochen, \u00fcber Veranstaltungen die fr\u00fcher hier in Pino stattgefunden haben und \u00fcberlegt, [&hellip;]<\/p>\n","protected":false},"author":2,"featured_media":0,"comment_status":"open","ping_status":"closed","sticky":false,"template":"","format":"standard","meta":{"footnotes":""},"categories":[38,36,24,2,31,1,18,90],"tags":[],"class_list":["post-4101","post","type-post","status-publish","format-standard","hentry","category-bassano","category-geschichte","category-kultur","category-lago-maggiore","category-maccagno","category-oberitalienische-seen","category-pino-lago-maggiore","category-prominente"],"yoast_head":"<!-- This site is optimized with the Yoast SEO plugin v25.6 - https:\/\/yoast.com\/wordpress\/plugins\/seo\/ -->\n<title>Dario Fo oder Kein Prophet gilt etwas im eigenen Land - Lago Maggiore<\/title>\n<meta name=\"description\" content=\"Am Lago Maggiore: Dario Fo oder Kein Prophet gilt etwas im eigenen Land - Oberitalienische Seen und Tessin, Schweiz.\" \/>\n<meta name=\"robots\" content=\"index, follow, max-snippet:-1, max-image-preview:large, max-video-preview:-1\" \/>\n<link rel=\"canonical\" href=\"https:\/\/www.lago-maggiore-urlaub.de\/blog\/dario-fo-und-pino\/\" \/>\n<meta property=\"og:locale\" content=\"de_DE\" \/>\n<meta property=\"og:type\" content=\"article\" \/>\n<meta property=\"og:title\" content=\"Dario Fo oder Kein Prophet gilt etwas im eigenen Land - Lago Maggiore\" \/>\n<meta property=\"og:description\" content=\"Am Lago Maggiore: Dario Fo oder Kein Prophet gilt etwas im eigenen Land - Oberitalienische Seen und Tessin, Schweiz.\" \/>\n<meta property=\"og:url\" content=\"https:\/\/www.lago-maggiore-urlaub.de\/blog\/dario-fo-und-pino\/\" \/>\n<meta property=\"og:site_name\" content=\"Lago Maggiore Infos\" \/>\n<meta property=\"article:publisher\" content=\"https:\/\/www.facebook.com\/LagoMaggioreUrlaub\" \/>\n<meta property=\"article:published_time\" content=\"2021-03-24T21:19:59+00:00\" \/>\n<meta property=\"article:modified_time\" content=\"2021-03-26T09:24:40+00:00\" \/>\n<meta property=\"og:image\" content=\"https:\/\/www.lago-maggiore-urlaub.de\/bilder\/blog\/dario-fo\/bahnhof-pino-tronzano.jpg\" \/>\n<meta name=\"author\" content=\"Christel Schicht-Pedroni\" \/>\n<meta name=\"twitter:card\" content=\"summary_large_image\" \/>\n<meta name=\"twitter:creator\" content=\"@lagomaggioreurl\" \/>\n<meta name=\"twitter:site\" content=\"@lagomaggioreurl\" \/>\n<meta name=\"twitter:label1\" content=\"Verfasst von\" \/>\n\t<meta name=\"twitter:data1\" content=\"Christel Schicht-Pedroni\" \/>\n\t<meta name=\"twitter:label2\" content=\"Gesch\u00e4tzte Lesezeit\" \/>\n\t<meta name=\"twitter:data2\" content=\"2\u00a0Minuten\" \/>\n<script type=\"application\/ld+json\" class=\"yoast-schema-graph\">{\"@context\":\"https:\/\/schema.org\",\"@graph\":[{\"@type\":\"WebPage\",\"@id\":\"https:\/\/www.lago-maggiore-urlaub.de\/blog\/dario-fo-und-pino\/\",\"url\":\"https:\/\/www.lago-maggiore-urlaub.de\/blog\/dario-fo-und-pino\/\",\"name\":\"Dario Fo oder Kein Prophet gilt etwas im eigenen Land - Lago Maggiore\",\"isPartOf\":{\"@id\":\"https:\/\/www.lago-maggiore-urlaub.de\/blog\/#website\"},\"primaryImageOfPage\":{\"@id\":\"https:\/\/www.lago-maggiore-urlaub.de\/blog\/dario-fo-und-pino\/#primaryimage\"},\"image\":{\"@id\":\"https:\/\/www.lago-maggiore-urlaub.de\/blog\/dario-fo-und-pino\/#primaryimage\"},\"thumbnailUrl\":\"https:\/\/www.lago-maggiore-urlaub.de\/bilder\/blog\/dario-fo\/bahnhof-pino-tronzano.jpg\",\"datePublished\":\"2021-03-24T21:19:59+00:00\",\"dateModified\":\"2021-03-26T09:24:40+00:00\",\"author\":{\"@id\":\"https:\/\/www.lago-maggiore-urlaub.de\/blog\/#\/schema\/person\/3e428ba84e76e892325946ea549d0c2d\"},\"description\":\"Am Lago Maggiore: Dario Fo oder Kein Prophet gilt etwas im eigenen Land - Oberitalienische Seen und Tessin, Schweiz.\",\"breadcrumb\":{\"@id\":\"https:\/\/www.lago-maggiore-urlaub.de\/blog\/dario-fo-und-pino\/#breadcrumb\"},\"inLanguage\":\"de\",\"potentialAction\":[{\"@type\":\"ReadAction\",\"target\":[\"https:\/\/www.lago-maggiore-urlaub.de\/blog\/dario-fo-und-pino\/\"]}]},{\"@type\":\"ImageObject\",\"inLanguage\":\"de\",\"@id\":\"https:\/\/www.lago-maggiore-urlaub.de\/blog\/dario-fo-und-pino\/#primaryimage\",\"url\":\"https:\/\/www.lago-maggiore-urlaub.de\/bilder\/blog\/dario-fo\/bahnhof-pino-tronzano.jpg\",\"contentUrl\":\"https:\/\/www.lago-maggiore-urlaub.de\/bilder\/blog\/dario-fo\/bahnhof-pino-tronzano.jpg\"},{\"@type\":\"BreadcrumbList\",\"@id\":\"https:\/\/www.lago-maggiore-urlaub.de\/blog\/dario-fo-und-pino\/#breadcrumb\",\"itemListElement\":[{\"@type\":\"ListItem\",\"position\":1,\"name\":\"Home\",\"item\":\"https:\/\/www.lago-maggiore-urlaub.de\/blog\/\"},{\"@type\":\"ListItem\",\"position\":2,\"name\":\"Dario Fo oder Kein Prophet gilt etwas im eigenen Land\"}]},{\"@type\":\"WebSite\",\"@id\":\"https:\/\/www.lago-maggiore-urlaub.de\/blog\/#website\",\"url\":\"https:\/\/www.lago-maggiore-urlaub.de\/blog\/\",\"name\":\"Lago Maggiore Infos\",\"description\":\"Urlaub an den Oberitalienischen Seen und im Schweizer Tessin...\",\"potentialAction\":[{\"@type\":\"SearchAction\",\"target\":{\"@type\":\"EntryPoint\",\"urlTemplate\":\"https:\/\/www.lago-maggiore-urlaub.de\/blog\/?s={search_term_string}\"},\"query-input\":{\"@type\":\"PropertyValueSpecification\",\"valueRequired\":true,\"valueName\":\"search_term_string\"}}],\"inLanguage\":\"de\"},{\"@type\":\"Person\",\"@id\":\"https:\/\/www.lago-maggiore-urlaub.de\/blog\/#\/schema\/person\/3e428ba84e76e892325946ea549d0c2d\",\"name\":\"Christel Schicht-Pedroni\",\"image\":{\"@type\":\"ImageObject\",\"inLanguage\":\"de\",\"@id\":\"https:\/\/www.lago-maggiore-urlaub.de\/blog\/#\/schema\/person\/image\/\",\"url\":\"https:\/\/secure.gravatar.com\/avatar\/9d33eeb61f96a79c02d47f218dac5f9f?s=96&d=mm&r=g\",\"contentUrl\":\"https:\/\/secure.gravatar.com\/avatar\/9d33eeb61f96a79c02d47f218dac5f9f?s=96&d=mm&r=g\",\"caption\":\"Christel Schicht-Pedroni\"},\"sameAs\":[\"https:\/\/www.lago-maggiore-urlaub.de\/ferienwohnungen_ferienhaeuser\/\"]}]}<\/script>\n<!-- \/ Yoast SEO plugin. -->","yoast_head_json":{"title":"Dario Fo oder Kein Prophet gilt etwas im eigenen Land - Lago Maggiore","description":"Am Lago Maggiore: Dario Fo oder Kein Prophet gilt etwas im eigenen Land - Oberitalienische Seen und Tessin, Schweiz.","robots":{"index":"index","follow":"follow","max-snippet":"max-snippet:-1","max-image-preview":"max-image-preview:large","max-video-preview":"max-video-preview:-1"},"canonical":"https:\/\/www.lago-maggiore-urlaub.de\/blog\/dario-fo-und-pino\/","og_locale":"de_DE","og_type":"article","og_title":"Dario Fo oder Kein Prophet gilt etwas im eigenen Land - Lago Maggiore","og_description":"Am Lago Maggiore: Dario Fo oder Kein Prophet gilt etwas im eigenen Land - Oberitalienische Seen und Tessin, Schweiz.","og_url":"https:\/\/www.lago-maggiore-urlaub.de\/blog\/dario-fo-und-pino\/","og_site_name":"Lago Maggiore Infos","article_publisher":"https:\/\/www.facebook.com\/LagoMaggioreUrlaub","article_published_time":"2021-03-24T21:19:59+00:00","article_modified_time":"2021-03-26T09:24:40+00:00","og_image":[{"url":"https:\/\/www.lago-maggiore-urlaub.de\/bilder\/blog\/dario-fo\/bahnhof-pino-tronzano.jpg","type":"","width":"","height":""}],"author":"Christel Schicht-Pedroni","twitter_card":"summary_large_image","twitter_creator":"@lagomaggioreurl","twitter_site":"@lagomaggioreurl","twitter_misc":{"Verfasst von":"Christel Schicht-Pedroni","Gesch\u00e4tzte Lesezeit":"2\u00a0Minuten"},"schema":{"@context":"https:\/\/schema.org","@graph":[{"@type":"WebPage","@id":"https:\/\/www.lago-maggiore-urlaub.de\/blog\/dario-fo-und-pino\/","url":"https:\/\/www.lago-maggiore-urlaub.de\/blog\/dario-fo-und-pino\/","name":"Dario Fo oder Kein Prophet gilt etwas im eigenen Land - Lago Maggiore","isPartOf":{"@id":"https:\/\/www.lago-maggiore-urlaub.de\/blog\/#website"},"primaryImageOfPage":{"@id":"https:\/\/www.lago-maggiore-urlaub.de\/blog\/dario-fo-und-pino\/#primaryimage"},"image":{"@id":"https:\/\/www.lago-maggiore-urlaub.de\/blog\/dario-fo-und-pino\/#primaryimage"},"thumbnailUrl":"https:\/\/www.lago-maggiore-urlaub.de\/bilder\/blog\/dario-fo\/bahnhof-pino-tronzano.jpg","datePublished":"2021-03-24T21:19:59+00:00","dateModified":"2021-03-26T09:24:40+00:00","author":{"@id":"https:\/\/www.lago-maggiore-urlaub.de\/blog\/#\/schema\/person\/3e428ba84e76e892325946ea549d0c2d"},"description":"Am Lago Maggiore: Dario Fo oder Kein Prophet gilt etwas im eigenen Land - Oberitalienische Seen und Tessin, Schweiz.","breadcrumb":{"@id":"https:\/\/www.lago-maggiore-urlaub.de\/blog\/dario-fo-und-pino\/#breadcrumb"},"inLanguage":"de","potentialAction":[{"@type":"ReadAction","target":["https:\/\/www.lago-maggiore-urlaub.de\/blog\/dario-fo-und-pino\/"]}]},{"@type":"ImageObject","inLanguage":"de","@id":"https:\/\/www.lago-maggiore-urlaub.de\/blog\/dario-fo-und-pino\/#primaryimage","url":"https:\/\/www.lago-maggiore-urlaub.de\/bilder\/blog\/dario-fo\/bahnhof-pino-tronzano.jpg","contentUrl":"https:\/\/www.lago-maggiore-urlaub.de\/bilder\/blog\/dario-fo\/bahnhof-pino-tronzano.jpg"},{"@type":"BreadcrumbList","@id":"https:\/\/www.lago-maggiore-urlaub.de\/blog\/dario-fo-und-pino\/#breadcrumb","itemListElement":[{"@type":"ListItem","position":1,"name":"Home","item":"https:\/\/www.lago-maggiore-urlaub.de\/blog\/"},{"@type":"ListItem","position":2,"name":"Dario Fo oder Kein Prophet gilt etwas im eigenen Land"}]},{"@type":"WebSite","@id":"https:\/\/www.lago-maggiore-urlaub.de\/blog\/#website","url":"https:\/\/www.lago-maggiore-urlaub.de\/blog\/","name":"Lago Maggiore Infos","description":"Urlaub an den Oberitalienischen Seen und im Schweizer Tessin...","potentialAction":[{"@type":"SearchAction","target":{"@type":"EntryPoint","urlTemplate":"https:\/\/www.lago-maggiore-urlaub.de\/blog\/?s={search_term_string}"},"query-input":{"@type":"PropertyValueSpecification","valueRequired":true,"valueName":"search_term_string"}}],"inLanguage":"de"},{"@type":"Person","@id":"https:\/\/www.lago-maggiore-urlaub.de\/blog\/#\/schema\/person\/3e428ba84e76e892325946ea549d0c2d","name":"Christel Schicht-Pedroni","image":{"@type":"ImageObject","inLanguage":"de","@id":"https:\/\/www.lago-maggiore-urlaub.de\/blog\/#\/schema\/person\/image\/","url":"https:\/\/secure.gravatar.com\/avatar\/9d33eeb61f96a79c02d47f218dac5f9f?s=96&d=mm&r=g","contentUrl":"https:\/\/secure.gravatar.com\/avatar\/9d33eeb61f96a79c02d47f218dac5f9f?s=96&d=mm&r=g","caption":"Christel Schicht-Pedroni"},"sameAs":["https:\/\/www.lago-maggiore-urlaub.de\/ferienwohnungen_ferienhaeuser\/"]}]}},"_links":{"self":[{"href":"https:\/\/www.lago-maggiore-urlaub.de\/blog\/wp-json\/wp\/v2\/posts\/4101"}],"collection":[{"href":"https:\/\/www.lago-maggiore-urlaub.de\/blog\/wp-json\/wp\/v2\/posts"}],"about":[{"href":"https:\/\/www.lago-maggiore-urlaub.de\/blog\/wp-json\/wp\/v2\/types\/post"}],"author":[{"embeddable":true,"href":"https:\/\/www.lago-maggiore-urlaub.de\/blog\/wp-json\/wp\/v2\/users\/2"}],"replies":[{"embeddable":true,"href":"https:\/\/www.lago-maggiore-urlaub.de\/blog\/wp-json\/wp\/v2\/comments?post=4101"}],"version-history":[{"count":27,"href":"https:\/\/www.lago-maggiore-urlaub.de\/blog\/wp-json\/wp\/v2\/posts\/4101\/revisions"}],"predecessor-version":[{"id":4130,"href":"https:\/\/www.lago-maggiore-urlaub.de\/blog\/wp-json\/wp\/v2\/posts\/4101\/revisions\/4130"}],"wp:attachment":[{"href":"https:\/\/www.lago-maggiore-urlaub.de\/blog\/wp-json\/wp\/v2\/media?parent=4101"}],"wp:term":[{"taxonomy":"category","embeddable":true,"href":"https:\/\/www.lago-maggiore-urlaub.de\/blog\/wp-json\/wp\/v2\/categories?post=4101"},{"taxonomy":"post_tag","embeddable":true,"href":"https:\/\/www.lago-maggiore-urlaub.de\/blog\/wp-json\/wp\/v2\/tags?post=4101"}],"curies":[{"name":"wp","href":"https:\/\/api.w.org\/{rel}","templated":true}]}}