{"id":1818,"date":"2013-12-30T00:01:55","date_gmt":"2013-12-29T22:01:55","guid":{"rendered":"http:\/\/www.lago-maggiore-urlaub.de\/blog\/?p=1818"},"modified":"2017-04-17T14:09:11","modified_gmt":"2017-04-17T12:09:11","slug":"park-san-grato","status":"publish","type":"post","link":"https:\/\/www.lago-maggiore-urlaub.de\/blog\/park-san-grato\/","title":{"rendered":"Spaziergang durch den Park San Grato"},"content":{"rendered":"<p>Im Urlaub rund um den <a target=\"_blank\" href=\"https:\/\/www.lago-maggiore-urlaub.de\/\" >Lago Maggiore<\/a> kann man in der Region <a target=\"_blank\" href=\"https:\/\/www.lago-maggiore-urlaub.de\/tessin\/\" >Tessin<\/a> verschiedene <strong>Ausfl\u00fcge<\/strong> unternehmen und die Natur genie\u00dfen. Im s\u00fcdlichen Tessin in der <strong>S\u00fcdschweiz<\/strong> befinden sich verschiedene Parks und Naturlandschaften, wie der <strong>Park San Grato<\/strong> in <strong>Carona<\/strong>.<\/p>\n<p>Auf rund <strong>62.000 m\u00b2<\/strong> sprie\u00dft eine gro\u00dfe Anzahl von <strong>Azaleen<\/strong>, <strong>Rhododendron<\/strong>, <strong>Laubb\u00e4umen und Nadelb\u00e4umen<\/strong>. Eine Besonderheit im Park ist ein <strong>Japanischer Ahornbaum<\/strong>, der vor Allem im Herbst eine bewundernswerte Farbkombination darbietet. Au\u00dferdem hat man vom <strong>Park San Grato<\/strong> aus eine wunderbare <strong>Aussicht<\/strong> \u00fcber <a target=\"_blank\" href=\"https:\/\/www.lago-maggiore-urlaub.de\/luganer-see\/lugano\/\" >Lugano<\/a> und den <a target=\"_blank\" href=\"https:\/\/www.lago-maggiore-urlaub.de\/luganer-see\/\" >Luganer See<\/a> sowie die <strong>Berglandschaft der Alpen<\/strong>.<\/p>\n<p>Der Park ist eine Art <strong>Botanischer Garten<\/strong>, in dem man in eine totale <strong>Naturlandschaft<\/strong> eintauchen kann. Hier finden Sie <strong>Wiesen, B\u00e4ume, Blumen<\/strong> und mehr. Der Park liegt zwischen den Bergen <strong>San Salvatore<\/strong> und <strong>Monte Arbostora<\/strong>, ungef\u00e4hr <strong>10 km vom Ort Lugano<\/strong> entfernt. Der Park liegt in einer H\u00f6he von <strong>690 Metern \u00fcber der Seenlandschaft<\/strong> und erm\u00f6glicht einen <strong>unbeschreiblichen Blick in die Umgebung aus Seen und Bergen<\/strong>.<\/p>\n<p>Der <strong>Park San. Grato<\/strong> beherbergt eine gro\u00dfe Sammlung von <strong>Azaleen, Koniferen, Rhododendren, Nadelb\u00e4umen<\/strong> und mehr. Vor Allem im <strong>April und Mai<\/strong> bieten die Azaleen und Rhododendren ein buntes Spektakel und erf\u00fcllen die Luft mit ihrem Duft. Man kann den <strong>botanischen Lehrpfad<\/strong> beschreiten und auf Informationstafeln Details \u00fcber die Pflanzen und Gew\u00e4chse erfahren.<\/p>\n<p>Im Park San Grato finden Sie verschiedene <strong>Themenwege<\/strong>, die sich je nach Jahreszeit \u00e4ndern.<\/p>\n<p>F\u00fcr die Verpflegung sorgt ein <strong>Restaurant<\/strong>, das ebenfalls von wunderbaren Pflanzen und Blumen umgeben ist. Hier f\u00fchlen sich Naturfreunde wohl! Im Restaurant wird <strong>traditionelles aus der Tessiner K\u00fcche<\/strong> angeboten. Die Karte passt sich wie die Pflanzen den Jahreszeiten an.<\/p>\n<p>F\u00fcr die kleinen G\u00e4ste befindet sich ein <strong>Spielplatz<\/strong> im Park San Grato, der ebenfalls von Rhododendren und Koniferen umgeben ist.<\/p>\n","protected":false},"excerpt":{"rendered":"<p>Im Urlaub rund um den Lago Maggiore kann man in der Region Tessin verschiedene Ausfl\u00fcge unternehmen und die Natur genie\u00dfen. Im s\u00fcdlichen Tessin in der S\u00fcdschweiz befinden sich verschiedene Parks und Naturlandschaften, wie der Park San Grato in Carona. Auf rund 62.000 m\u00b2 sprie\u00dft eine gro\u00dfe Anzahl von Azaleen, Rhododendron, Laubb\u00e4umen und Nadelb\u00e4umen. Eine Besonderheit [&hellip;]<\/p>\n","protected":false},"author":8,"featured_media":0,"comment_status":"open","ping_status":"open","sticky":false,"template":"","format":"standard","meta":{"footnotes":""},"categories":[9,194,170,27,26,16],"tags":[],"class_list":["post-1818","post","type-post","status-publish","format-standard","hentry","category-ausfluege","category-sehenswertes","category-blumen","category-essen","category-natur","category-tessin"],"yoast_head":"<!-- This site is optimized with the Yoast SEO plugin v25.6 - https:\/\/yoast.com\/wordpress\/plugins\/seo\/ -->\n<title>Spaziergang durch den Park San Grato - Lago Maggiore<\/title>\n<meta name=\"description\" content=\"Am Lago Maggiore: Spaziergang durch den Park San Grato - Oberitalienische Seen und Tessin, Schweiz.\" \/>\n<meta name=\"robots\" content=\"index, follow, max-snippet:-1, max-image-preview:large, max-video-preview:-1\" \/>\n<link rel=\"canonical\" href=\"https:\/\/www.lago-maggiore-urlaub.de\/blog\/park-san-grato\/\" \/>\n<meta property=\"og:locale\" content=\"de_DE\" \/>\n<meta property=\"og:type\" content=\"article\" \/>\n<meta property=\"og:title\" content=\"Spaziergang durch den Park San Grato - Lago Maggiore\" \/>\n<meta property=\"og:description\" content=\"Am Lago Maggiore: Spaziergang durch den Park San Grato - Oberitalienische Seen und Tessin, Schweiz.\" \/>\n<meta property=\"og:url\" content=\"https:\/\/www.lago-maggiore-urlaub.de\/blog\/park-san-grato\/\" \/>\n<meta property=\"og:site_name\" content=\"Lago Maggiore Infos\" \/>\n<meta property=\"article:publisher\" content=\"https:\/\/www.facebook.com\/LagoMaggioreUrlaub\" \/>\n<meta property=\"article:published_time\" content=\"2013-12-29T22:01:55+00:00\" \/>\n<meta property=\"article:modified_time\" content=\"2017-04-17T12:09:11+00:00\" \/>\n<meta name=\"author\" content=\"Alida\" \/>\n<meta name=\"twitter:card\" content=\"summary_large_image\" \/>\n<meta name=\"twitter:creator\" content=\"@lagomaggioreurl\" \/>\n<meta name=\"twitter:site\" content=\"@lagomaggioreurl\" \/>\n<meta name=\"twitter:label1\" content=\"Verfasst von\" \/>\n\t<meta name=\"twitter:data1\" content=\"Alida\" \/>\n\t<meta name=\"twitter:label2\" content=\"Gesch\u00e4tzte Lesezeit\" \/>\n\t<meta name=\"twitter:data2\" content=\"2\u00a0Minuten\" \/>\n<script type=\"application\/ld+json\" class=\"yoast-schema-graph\">{\"@context\":\"https:\/\/schema.org\",\"@graph\":[{\"@type\":\"WebPage\",\"@id\":\"https:\/\/www.lago-maggiore-urlaub.de\/blog\/park-san-grato\/\",\"url\":\"https:\/\/www.lago-maggiore-urlaub.de\/blog\/park-san-grato\/\",\"name\":\"Spaziergang durch den Park San Grato - Lago Maggiore\",\"isPartOf\":{\"@id\":\"https:\/\/www.lago-maggiore-urlaub.de\/blog\/#website\"},\"datePublished\":\"2013-12-29T22:01:55+00:00\",\"dateModified\":\"2017-04-17T12:09:11+00:00\",\"author\":{\"@id\":\"https:\/\/www.lago-maggiore-urlaub.de\/blog\/#\/schema\/person\/f2983b2950b538aa390b882639240142\"},\"description\":\"Am Lago Maggiore: Spaziergang durch den Park San Grato - Oberitalienische Seen und Tessin, Schweiz.\",\"breadcrumb\":{\"@id\":\"https:\/\/www.lago-maggiore-urlaub.de\/blog\/park-san-grato\/#breadcrumb\"},\"inLanguage\":\"de\",\"potentialAction\":[{\"@type\":\"ReadAction\",\"target\":[\"https:\/\/www.lago-maggiore-urlaub.de\/blog\/park-san-grato\/\"]}]},{\"@type\":\"BreadcrumbList\",\"@id\":\"https:\/\/www.lago-maggiore-urlaub.de\/blog\/park-san-grato\/#breadcrumb\",\"itemListElement\":[{\"@type\":\"ListItem\",\"position\":1,\"name\":\"Home\",\"item\":\"https:\/\/www.lago-maggiore-urlaub.de\/blog\/\"},{\"@type\":\"ListItem\",\"position\":2,\"name\":\"Spaziergang durch den Park San Grato\"}]},{\"@type\":\"WebSite\",\"@id\":\"https:\/\/www.lago-maggiore-urlaub.de\/blog\/#website\",\"url\":\"https:\/\/www.lago-maggiore-urlaub.de\/blog\/\",\"name\":\"Lago Maggiore Infos\",\"description\":\"Urlaub an den Oberitalienischen Seen und im Schweizer Tessin...\",\"potentialAction\":[{\"@type\":\"SearchAction\",\"target\":{\"@type\":\"EntryPoint\",\"urlTemplate\":\"https:\/\/www.lago-maggiore-urlaub.de\/blog\/?s={search_term_string}\"},\"query-input\":{\"@type\":\"PropertyValueSpecification\",\"valueRequired\":true,\"valueName\":\"search_term_string\"}}],\"inLanguage\":\"de\"},{\"@type\":\"Person\",\"@id\":\"https:\/\/www.lago-maggiore-urlaub.de\/blog\/#\/schema\/person\/f2983b2950b538aa390b882639240142\",\"name\":\"Alida\",\"image\":{\"@type\":\"ImageObject\",\"inLanguage\":\"de\",\"@id\":\"https:\/\/www.lago-maggiore-urlaub.de\/blog\/#\/schema\/person\/image\/\",\"url\":\"https:\/\/secure.gravatar.com\/avatar\/db218fabf6b8ecdf141c9eebc0c387c1?s=96&d=mm&r=g\",\"contentUrl\":\"https:\/\/secure.gravatar.com\/avatar\/db218fabf6b8ecdf141c9eebc0c387c1?s=96&d=mm&r=g\",\"caption\":\"Alida\"},\"sameAs\":[\"https:\/\/www.lago-maggiore-urlaub.de\/blog\/\"]}]}<\/script>\n<!-- \/ Yoast SEO plugin. -->","yoast_head_json":{"title":"Spaziergang durch den Park San Grato - Lago Maggiore","description":"Am Lago Maggiore: Spaziergang durch den Park San Grato - Oberitalienische Seen und Tessin, Schweiz.","robots":{"index":"index","follow":"follow","max-snippet":"max-snippet:-1","max-image-preview":"max-image-preview:large","max-video-preview":"max-video-preview:-1"},"canonical":"https:\/\/www.lago-maggiore-urlaub.de\/blog\/park-san-grato\/","og_locale":"de_DE","og_type":"article","og_title":"Spaziergang durch den Park San Grato - Lago Maggiore","og_description":"Am Lago Maggiore: Spaziergang durch den Park San Grato - Oberitalienische Seen und Tessin, Schweiz.","og_url":"https:\/\/www.lago-maggiore-urlaub.de\/blog\/park-san-grato\/","og_site_name":"Lago Maggiore Infos","article_publisher":"https:\/\/www.facebook.com\/LagoMaggioreUrlaub","article_published_time":"2013-12-29T22:01:55+00:00","article_modified_time":"2017-04-17T12:09:11+00:00","author":"Alida","twitter_card":"summary_large_image","twitter_creator":"@lagomaggioreurl","twitter_site":"@lagomaggioreurl","twitter_misc":{"Verfasst von":"Alida","Gesch\u00e4tzte Lesezeit":"2\u00a0Minuten"},"schema":{"@context":"https:\/\/schema.org","@graph":[{"@type":"WebPage","@id":"https:\/\/www.lago-maggiore-urlaub.de\/blog\/park-san-grato\/","url":"https:\/\/www.lago-maggiore-urlaub.de\/blog\/park-san-grato\/","name":"Spaziergang durch den Park San Grato - Lago Maggiore","isPartOf":{"@id":"https:\/\/www.lago-maggiore-urlaub.de\/blog\/#website"},"datePublished":"2013-12-29T22:01:55+00:00","dateModified":"2017-04-17T12:09:11+00:00","author":{"@id":"https:\/\/www.lago-maggiore-urlaub.de\/blog\/#\/schema\/person\/f2983b2950b538aa390b882639240142"},"description":"Am Lago Maggiore: Spaziergang durch den Park San Grato - Oberitalienische Seen und Tessin, Schweiz.","breadcrumb":{"@id":"https:\/\/www.lago-maggiore-urlaub.de\/blog\/park-san-grato\/#breadcrumb"},"inLanguage":"de","potentialAction":[{"@type":"ReadAction","target":["https:\/\/www.lago-maggiore-urlaub.de\/blog\/park-san-grato\/"]}]},{"@type":"BreadcrumbList","@id":"https:\/\/www.lago-maggiore-urlaub.de\/blog\/park-san-grato\/#breadcrumb","itemListElement":[{"@type":"ListItem","position":1,"name":"Home","item":"https:\/\/www.lago-maggiore-urlaub.de\/blog\/"},{"@type":"ListItem","position":2,"name":"Spaziergang durch den Park San Grato"}]},{"@type":"WebSite","@id":"https:\/\/www.lago-maggiore-urlaub.de\/blog\/#website","url":"https:\/\/www.lago-maggiore-urlaub.de\/blog\/","name":"Lago Maggiore Infos","description":"Urlaub an den Oberitalienischen Seen und im Schweizer Tessin...","potentialAction":[{"@type":"SearchAction","target":{"@type":"EntryPoint","urlTemplate":"https:\/\/www.lago-maggiore-urlaub.de\/blog\/?s={search_term_string}"},"query-input":{"@type":"PropertyValueSpecification","valueRequired":true,"valueName":"search_term_string"}}],"inLanguage":"de"},{"@type":"Person","@id":"https:\/\/www.lago-maggiore-urlaub.de\/blog\/#\/schema\/person\/f2983b2950b538aa390b882639240142","name":"Alida","image":{"@type":"ImageObject","inLanguage":"de","@id":"https:\/\/www.lago-maggiore-urlaub.de\/blog\/#\/schema\/person\/image\/","url":"https:\/\/secure.gravatar.com\/avatar\/db218fabf6b8ecdf141c9eebc0c387c1?s=96&d=mm&r=g","contentUrl":"https:\/\/secure.gravatar.com\/avatar\/db218fabf6b8ecdf141c9eebc0c387c1?s=96&d=mm&r=g","caption":"Alida"},"sameAs":["https:\/\/www.lago-maggiore-urlaub.de\/blog\/"]}]}},"_links":{"self":[{"href":"https:\/\/www.lago-maggiore-urlaub.de\/blog\/wp-json\/wp\/v2\/posts\/1818"}],"collection":[{"href":"https:\/\/www.lago-maggiore-urlaub.de\/blog\/wp-json\/wp\/v2\/posts"}],"about":[{"href":"https:\/\/www.lago-maggiore-urlaub.de\/blog\/wp-json\/wp\/v2\/types\/post"}],"author":[{"embeddable":true,"href":"https:\/\/www.lago-maggiore-urlaub.de\/blog\/wp-json\/wp\/v2\/users\/8"}],"replies":[{"embeddable":true,"href":"https:\/\/www.lago-maggiore-urlaub.de\/blog\/wp-json\/wp\/v2\/comments?post=1818"}],"version-history":[{"count":5,"href":"https:\/\/www.lago-maggiore-urlaub.de\/blog\/wp-json\/wp\/v2\/posts\/1818\/revisions"}],"predecessor-version":[{"id":3592,"href":"https:\/\/www.lago-maggiore-urlaub.de\/blog\/wp-json\/wp\/v2\/posts\/1818\/revisions\/3592"}],"wp:attachment":[{"href":"https:\/\/www.lago-maggiore-urlaub.de\/blog\/wp-json\/wp\/v2\/media?parent=1818"}],"wp:term":[{"taxonomy":"category","embeddable":true,"href":"https:\/\/www.lago-maggiore-urlaub.de\/blog\/wp-json\/wp\/v2\/categories?post=1818"},{"taxonomy":"post_tag","embeddable":true,"href":"https:\/\/www.lago-maggiore-urlaub.de\/blog\/wp-json\/wp\/v2\/tags?post=1818"}],"curies":[{"name":"wp","href":"https:\/\/api.w.org\/{rel}","templated":true}]}}