{"id":1745,"date":"2013-04-10T00:01:11","date_gmt":"2013-04-09T22:01:11","guid":{"rendered":"http:\/\/www.lago-maggiore-urlaub.de\/blog\/?p=1745"},"modified":"2017-04-17T14:09:12","modified_gmt":"2017-04-17T12:09:12","slug":"monte-verita","status":"publish","type":"post","link":"https:\/\/www.lago-maggiore-urlaub.de\/blog\/monte-verita\/","title":{"rendered":"Monte Verit\u00e1 &#8211; ein Ort der Begegnung"},"content":{"rendered":"<p>Der <strong>Berg Monte Verit\u00e1<\/strong> befindet sich oberhalb von <a target=\"_blank\" href=\"https:\/\/www.lago-maggiore-urlaub.de\/ascona\/\" >Ascona<\/a>. Man kann auf den Monte Verit\u00e1 zu Fu\u00df gehen und von oben hat man eine <strong>wundersch\u00f6ne Aussicht \u00fcber Ascona<\/strong> und den <a target=\"_blank\" href=\"https:\/\/www.lago-maggiore-urlaub.de\/\" >Lago Maggiore<\/a>. Der Monte Verita auf den H\u00fcgeln hinter Ascona war schon immer ein <strong>Magnet f\u00fcr neue Ideen, Trends, Innovationen<\/strong> und interessante Pers\u00f6nlichkeiten.<\/p>\n<p>Auf dem Monte Verita befindet sich das <strong>Kongresszentrum<\/strong> mit demselben Namen. Das Besondere ist, dass sich das Kongresszentrum <strong>inmitten eines historischen Parks<\/strong>, umgeben von <strong>Stille und der Sch\u00f6nheit<\/strong> der Natur befindet. Seit 1989 gibt es das <strong>Kongresszentrum Monte Verita<\/strong> und seitdem werden hier <strong>Seminare, Kongresse, Konferenzen<\/strong> und andere <strong>Veranstaltungen<\/strong> und <strong>Treffen<\/strong> abgehalten. <\/p>\n<p>Der <strong>Monte Verita<\/strong> gilt auch als <strong>Ort der Begegnung und der Gemeinschaft<\/strong>, der im Laufe der Zeit unter verschiedenen Einfl\u00fcssen der <strong>Kultur und Geschichte<\/strong> ver\u00e4ndert wurde. Monte Verita ist ein idealer <strong>Ort f\u00fcr nachdenkliche Diskussionen, Introspektion und Kreativit\u00e4t<\/strong>. Eine Vielzahl von <strong>Schriftstellern, Intellektuellen und K\u00fcnstlern<\/strong> besuchen den Monte Verita um hier verschiedene <strong>Inspiration<\/strong> zu erhalten. <\/p>\n<p>Im Monte Verita gibt es verschiedene <strong>S\u00e4le<\/strong> sowie ein <strong>Auditorium<\/strong>. Das wohl bekannteste und beliebteste <strong>Projekt<\/strong> auf dem Monte Verita ist der <strong>Tee Park<\/strong>. Im diesem <strong>Tee Park<\/strong> befindet sich eine <strong>Teeplantage<\/strong>, ein <strong>Teeweg<\/strong> und ein <strong>japanischer Pavillon<\/strong> mit einem <strong>Zen-Garten<\/strong> sowie das <strong>Teehaus Loreley<\/strong>.<\/p>\n<p>Das <strong>Projekt der Teekultur<\/strong> auf dem <strong>Monte Verita<\/strong> wurde auf einem idyllischen Ort auf einer <strong>Waldlichtung<\/strong> eingerichtet. Diese Lichtung befindet sich in der N\u00e4he des <strong>Restaurants<\/strong>. Das <strong>Teehaus Loreley<\/strong> besteht seit etwa 50 Jahren und wurde ebenso in das  Tee Projekt einbezogen. Das Projektgel\u00e4nde besitzt eine Fl\u00e4che von <strong>3.000 m\u00b2<\/strong> und beherbergt verschiedene Einrichtungen. <\/p>\n<p>Eine <strong>Teeplantage<\/strong> mit rund 1000 Teepflanzen befindet sich ebenfalls auf der Projektanlage. Die erste Ernte wurde 2005 durchgef\u00fchrt und war ein voller Erfolg. Man hat Gr\u00fcnen Tee geerntet und diesen verarbeitet. Der Gr\u00fcne Tee besitzt au\u00dferordentliche Wirkungen mit gesundheitlich positiven Folgen. <\/p>\n<p>Im <strong>Teegarten<\/strong> befindet sich auch ein Teeweg, der nach japanischer Philosophie angelegt wurde. Der Teeweg wird Il sentiero del t\u00e8 genannt. Das Begehen des Teeweges soll helfen den Alltagsstress hinter sich zu lassen. <\/p>\n<p>Der <strong>japanische Pavillon<\/strong> ist ein Ort der Harmonie und des Gleichgewichts und zugleich der Warteraum, in dem man sich vor der Teezeremonie aufh\u00e4lt. <\/p>\n<p>Ein weiteres Highlight hier ist der <strong>Zen Garten<\/strong>, in dem jeder  Stein eine eigene Bedeutung hat. Die Teezeremonien werden im Teehaus Loreley in den typisch japanisch eingerichteten R\u00e4umen abgehalten. <\/p>\n<p><strong>Monte Verita<\/strong> ist ein sehr sch\u00f6nes <strong>Ausflugsziel<\/strong> f\u00fcr Urlauber am <a target=\"_blank\" href=\"https:\/\/www.lago-maggiore-urlaub.de\/\" >Lago Maggiore<\/a> und das nicht nur f\u00fcr Teeliebhaber.<\/p>\n","protected":false},"excerpt":{"rendered":"<p>Der Berg Monte Verit\u00e1 befindet sich oberhalb von Ascona. Man kann auf den Monte Verit\u00e1 zu Fu\u00df gehen und von oben hat man eine wundersch\u00f6ne Aussicht \u00fcber Ascona und den Lago Maggiore. Der Monte Verita auf den H\u00fcgeln hinter Ascona war schon immer ein Magnet f\u00fcr neue Ideen, Trends, Innovationen und interessante Pers\u00f6nlichkeiten. Auf dem [&hellip;]<\/p>\n","protected":false},"author":8,"featured_media":0,"comment_status":"open","ping_status":"open","sticky":false,"template":"","format":"standard","meta":{"footnotes":""},"categories":[21,194,24,2,23],"tags":[],"class_list":["post-1745","post","type-post","status-publish","format-standard","hentry","category-ascona","category-sehenswertes","category-kultur","category-lago-maggiore","category-veranstaltungen"],"yoast_head":"<!-- This site is optimized with the Yoast SEO plugin v25.6 - https:\/\/yoast.com\/wordpress\/plugins\/seo\/ -->\n<title>Monte Verit\u00e1 - ein Ort der Begegnung - Lago Maggiore<\/title>\n<meta name=\"description\" content=\"Am Lago Maggiore: Monte Verit\u00e1 - ein Ort der Begegnung - Oberitalienische Seen und Tessin, Schweiz.\" \/>\n<meta name=\"robots\" content=\"index, follow, max-snippet:-1, max-image-preview:large, max-video-preview:-1\" \/>\n<link rel=\"canonical\" href=\"https:\/\/www.lago-maggiore-urlaub.de\/blog\/monte-verita\/\" \/>\n<meta property=\"og:locale\" content=\"de_DE\" \/>\n<meta property=\"og:type\" content=\"article\" \/>\n<meta property=\"og:title\" content=\"Monte Verit\u00e1 - ein Ort der Begegnung - Lago Maggiore\" \/>\n<meta property=\"og:description\" content=\"Am Lago Maggiore: Monte Verit\u00e1 - ein Ort der Begegnung - Oberitalienische Seen und Tessin, Schweiz.\" \/>\n<meta property=\"og:url\" content=\"https:\/\/www.lago-maggiore-urlaub.de\/blog\/monte-verita\/\" \/>\n<meta property=\"og:site_name\" content=\"Lago Maggiore Infos\" \/>\n<meta property=\"article:publisher\" content=\"https:\/\/www.facebook.com\/LagoMaggioreUrlaub\" \/>\n<meta property=\"article:published_time\" content=\"2013-04-09T22:01:11+00:00\" \/>\n<meta property=\"article:modified_time\" content=\"2017-04-17T12:09:12+00:00\" \/>\n<meta name=\"author\" content=\"Alida\" \/>\n<meta name=\"twitter:card\" content=\"summary_large_image\" \/>\n<meta name=\"twitter:creator\" content=\"@lagomaggioreurl\" \/>\n<meta name=\"twitter:site\" content=\"@lagomaggioreurl\" \/>\n<meta name=\"twitter:label1\" content=\"Verfasst von\" \/>\n\t<meta name=\"twitter:data1\" content=\"Alida\" \/>\n\t<meta name=\"twitter:label2\" content=\"Gesch\u00e4tzte Lesezeit\" \/>\n\t<meta name=\"twitter:data2\" content=\"2\u00a0Minuten\" \/>\n<script type=\"application\/ld+json\" class=\"yoast-schema-graph\">{\"@context\":\"https:\/\/schema.org\",\"@graph\":[{\"@type\":\"WebPage\",\"@id\":\"https:\/\/www.lago-maggiore-urlaub.de\/blog\/monte-verita\/\",\"url\":\"https:\/\/www.lago-maggiore-urlaub.de\/blog\/monte-verita\/\",\"name\":\"Monte Verit\u00e1 - ein Ort der Begegnung - Lago Maggiore\",\"isPartOf\":{\"@id\":\"https:\/\/www.lago-maggiore-urlaub.de\/blog\/#website\"},\"datePublished\":\"2013-04-09T22:01:11+00:00\",\"dateModified\":\"2017-04-17T12:09:12+00:00\",\"author\":{\"@id\":\"https:\/\/www.lago-maggiore-urlaub.de\/blog\/#\/schema\/person\/f2983b2950b538aa390b882639240142\"},\"description\":\"Am Lago Maggiore: Monte Verit\u00e1 - ein Ort der Begegnung - Oberitalienische Seen und Tessin, Schweiz.\",\"breadcrumb\":{\"@id\":\"https:\/\/www.lago-maggiore-urlaub.de\/blog\/monte-verita\/#breadcrumb\"},\"inLanguage\":\"de\",\"potentialAction\":[{\"@type\":\"ReadAction\",\"target\":[\"https:\/\/www.lago-maggiore-urlaub.de\/blog\/monte-verita\/\"]}]},{\"@type\":\"BreadcrumbList\",\"@id\":\"https:\/\/www.lago-maggiore-urlaub.de\/blog\/monte-verita\/#breadcrumb\",\"itemListElement\":[{\"@type\":\"ListItem\",\"position\":1,\"name\":\"Home\",\"item\":\"https:\/\/www.lago-maggiore-urlaub.de\/blog\/\"},{\"@type\":\"ListItem\",\"position\":2,\"name\":\"Monte Verit\u00e1 &#8211; ein Ort der Begegnung\"}]},{\"@type\":\"WebSite\",\"@id\":\"https:\/\/www.lago-maggiore-urlaub.de\/blog\/#website\",\"url\":\"https:\/\/www.lago-maggiore-urlaub.de\/blog\/\",\"name\":\"Lago Maggiore Infos\",\"description\":\"Urlaub an den Oberitalienischen Seen und im Schweizer Tessin...\",\"potentialAction\":[{\"@type\":\"SearchAction\",\"target\":{\"@type\":\"EntryPoint\",\"urlTemplate\":\"https:\/\/www.lago-maggiore-urlaub.de\/blog\/?s={search_term_string}\"},\"query-input\":{\"@type\":\"PropertyValueSpecification\",\"valueRequired\":true,\"valueName\":\"search_term_string\"}}],\"inLanguage\":\"de\"},{\"@type\":\"Person\",\"@id\":\"https:\/\/www.lago-maggiore-urlaub.de\/blog\/#\/schema\/person\/f2983b2950b538aa390b882639240142\",\"name\":\"Alida\",\"image\":{\"@type\":\"ImageObject\",\"inLanguage\":\"de\",\"@id\":\"https:\/\/www.lago-maggiore-urlaub.de\/blog\/#\/schema\/person\/image\/\",\"url\":\"https:\/\/secure.gravatar.com\/avatar\/db218fabf6b8ecdf141c9eebc0c387c1?s=96&d=mm&r=g\",\"contentUrl\":\"https:\/\/secure.gravatar.com\/avatar\/db218fabf6b8ecdf141c9eebc0c387c1?s=96&d=mm&r=g\",\"caption\":\"Alida\"},\"sameAs\":[\"https:\/\/www.lago-maggiore-urlaub.de\/blog\/\"]}]}<\/script>\n<!-- \/ Yoast SEO plugin. -->","yoast_head_json":{"title":"Monte Verit\u00e1 - ein Ort der Begegnung - Lago Maggiore","description":"Am Lago Maggiore: Monte Verit\u00e1 - ein Ort der Begegnung - Oberitalienische Seen und Tessin, Schweiz.","robots":{"index":"index","follow":"follow","max-snippet":"max-snippet:-1","max-image-preview":"max-image-preview:large","max-video-preview":"max-video-preview:-1"},"canonical":"https:\/\/www.lago-maggiore-urlaub.de\/blog\/monte-verita\/","og_locale":"de_DE","og_type":"article","og_title":"Monte Verit\u00e1 - ein Ort der Begegnung - Lago Maggiore","og_description":"Am Lago Maggiore: Monte Verit\u00e1 - ein Ort der Begegnung - Oberitalienische Seen und Tessin, Schweiz.","og_url":"https:\/\/www.lago-maggiore-urlaub.de\/blog\/monte-verita\/","og_site_name":"Lago Maggiore Infos","article_publisher":"https:\/\/www.facebook.com\/LagoMaggioreUrlaub","article_published_time":"2013-04-09T22:01:11+00:00","article_modified_time":"2017-04-17T12:09:12+00:00","author":"Alida","twitter_card":"summary_large_image","twitter_creator":"@lagomaggioreurl","twitter_site":"@lagomaggioreurl","twitter_misc":{"Verfasst von":"Alida","Gesch\u00e4tzte Lesezeit":"2\u00a0Minuten"},"schema":{"@context":"https:\/\/schema.org","@graph":[{"@type":"WebPage","@id":"https:\/\/www.lago-maggiore-urlaub.de\/blog\/monte-verita\/","url":"https:\/\/www.lago-maggiore-urlaub.de\/blog\/monte-verita\/","name":"Monte Verit\u00e1 - ein Ort der Begegnung - Lago Maggiore","isPartOf":{"@id":"https:\/\/www.lago-maggiore-urlaub.de\/blog\/#website"},"datePublished":"2013-04-09T22:01:11+00:00","dateModified":"2017-04-17T12:09:12+00:00","author":{"@id":"https:\/\/www.lago-maggiore-urlaub.de\/blog\/#\/schema\/person\/f2983b2950b538aa390b882639240142"},"description":"Am Lago Maggiore: Monte Verit\u00e1 - ein Ort der Begegnung - Oberitalienische Seen und Tessin, Schweiz.","breadcrumb":{"@id":"https:\/\/www.lago-maggiore-urlaub.de\/blog\/monte-verita\/#breadcrumb"},"inLanguage":"de","potentialAction":[{"@type":"ReadAction","target":["https:\/\/www.lago-maggiore-urlaub.de\/blog\/monte-verita\/"]}]},{"@type":"BreadcrumbList","@id":"https:\/\/www.lago-maggiore-urlaub.de\/blog\/monte-verita\/#breadcrumb","itemListElement":[{"@type":"ListItem","position":1,"name":"Home","item":"https:\/\/www.lago-maggiore-urlaub.de\/blog\/"},{"@type":"ListItem","position":2,"name":"Monte Verit\u00e1 &#8211; ein Ort der Begegnung"}]},{"@type":"WebSite","@id":"https:\/\/www.lago-maggiore-urlaub.de\/blog\/#website","url":"https:\/\/www.lago-maggiore-urlaub.de\/blog\/","name":"Lago Maggiore Infos","description":"Urlaub an den Oberitalienischen Seen und im Schweizer Tessin...","potentialAction":[{"@type":"SearchAction","target":{"@type":"EntryPoint","urlTemplate":"https:\/\/www.lago-maggiore-urlaub.de\/blog\/?s={search_term_string}"},"query-input":{"@type":"PropertyValueSpecification","valueRequired":true,"valueName":"search_term_string"}}],"inLanguage":"de"},{"@type":"Person","@id":"https:\/\/www.lago-maggiore-urlaub.de\/blog\/#\/schema\/person\/f2983b2950b538aa390b882639240142","name":"Alida","image":{"@type":"ImageObject","inLanguage":"de","@id":"https:\/\/www.lago-maggiore-urlaub.de\/blog\/#\/schema\/person\/image\/","url":"https:\/\/secure.gravatar.com\/avatar\/db218fabf6b8ecdf141c9eebc0c387c1?s=96&d=mm&r=g","contentUrl":"https:\/\/secure.gravatar.com\/avatar\/db218fabf6b8ecdf141c9eebc0c387c1?s=96&d=mm&r=g","caption":"Alida"},"sameAs":["https:\/\/www.lago-maggiore-urlaub.de\/blog\/"]}]}},"_links":{"self":[{"href":"https:\/\/www.lago-maggiore-urlaub.de\/blog\/wp-json\/wp\/v2\/posts\/1745"}],"collection":[{"href":"https:\/\/www.lago-maggiore-urlaub.de\/blog\/wp-json\/wp\/v2\/posts"}],"about":[{"href":"https:\/\/www.lago-maggiore-urlaub.de\/blog\/wp-json\/wp\/v2\/types\/post"}],"author":[{"embeddable":true,"href":"https:\/\/www.lago-maggiore-urlaub.de\/blog\/wp-json\/wp\/v2\/users\/8"}],"replies":[{"embeddable":true,"href":"https:\/\/www.lago-maggiore-urlaub.de\/blog\/wp-json\/wp\/v2\/comments?post=1745"}],"version-history":[{"count":3,"href":"https:\/\/www.lago-maggiore-urlaub.de\/blog\/wp-json\/wp\/v2\/posts\/1745\/revisions"}],"predecessor-version":[{"id":3605,"href":"https:\/\/www.lago-maggiore-urlaub.de\/blog\/wp-json\/wp\/v2\/posts\/1745\/revisions\/3605"}],"wp:attachment":[{"href":"https:\/\/www.lago-maggiore-urlaub.de\/blog\/wp-json\/wp\/v2\/media?parent=1745"}],"wp:term":[{"taxonomy":"category","embeddable":true,"href":"https:\/\/www.lago-maggiore-urlaub.de\/blog\/wp-json\/wp\/v2\/categories?post=1745"},{"taxonomy":"post_tag","embeddable":true,"href":"https:\/\/www.lago-maggiore-urlaub.de\/blog\/wp-json\/wp\/v2\/tags?post=1745"}],"curies":[{"name":"wp","href":"https:\/\/api.w.org\/{rel}","templated":true}]}}