{"id":133,"date":"2007-08-07T00:35:32","date_gmt":"2007-08-06T22:35:32","guid":{"rendered":"http:\/\/www.lago-maggiore-urlaub.de\/blog\/hurra-der-kaiser-kommt\/"},"modified":"2018-12-13T17:24:29","modified_gmt":"2018-12-13T16:24:29","slug":"kaiser-otto-aus-sachsen","status":"publish","type":"post","link":"https:\/\/www.lago-maggiore-urlaub.de\/blog\/kaiser-otto-aus-sachsen\/","title":{"rendered":"Hurra, der Kaiser kommt!"},"content":{"rendered":"<p>Der Kaiser, Otto der Erste, K\u00f6nig von Sachsen ist unter grossem Jubel und Festlichkeiten auf einem alten Fischerboot mitsamt seiner Konsorte und seinem Gefolge in <a href=\"https:\/\/www.lago-maggiore-urlaub.de\/maccagno\/\"  target=\"_blank\" rel=\"noopener\">Maccagno<\/a> gelandet.<\/p>\n<p><img decoding=\"async\" class=\"tabelle2c\" src=\"https:\/\/www.lago-maggiore-urlaub.de\/bilder\/blog\/maccagno\/fest\/kaiser-ist-angekommen.jpg\" alt=\"Fest in Maccagno am Lago Maggiore\" \/><\/p>\n<p><img decoding=\"async\" class=\"tabelle2c\" src=\"https:\/\/www.lago-maggiore-urlaub.de\/bilder\/blog\/maccagno\/fest\/kaiser.jpg\" alt=\"Fest in Maccagno am Lago Maggiore\" \/><\/p>\n<p>Schon eine ganze Zeit fr\u00fcher, gab es eine Reihe von Spektakeln rund um das Mittelalter.<br \/>\nFahnenschwinger, Falkner, Ritter, Gioccolieri. Es war wirklich beeindruckend.<\/p>\n<p><img decoding=\"async\" class=\"tabelle2c\" src=\"https:\/\/www.lago-maggiore-urlaub.de\/bilder\/blog\/maccagno\/fest\/alke-vor-altstadt.jpg\" alt=\"Fest in Maccagno am Lago Maggiore\" \/><\/p>\n<p>Gestern Abend war es dazu sehr warm und die meisten Teilnehmer hatten dicke Kost\u00fcme an \u2013 nicht zu beneiden.<br \/>\nDie Fahnenschwinger haben dazu praktisch stundenlang Schwerstarbeit geleistet und ich habe die ganze Zeit nicht gesehen, dass sie ihre Fahnen einmal abgestellt h\u00e4tten.<\/p>\n<p>Genau wie die Falkner; die haben, seit ihre Vorf\u00fchrung begonnen hat, die ganze Zeit Ihre Sch\u00fctzlinge auf dem Arm getragen. Auch die Frau mit dem Uhu, der mit Sicherheit das schwerste der Tiere war und der kleine Sohn des Bosses. Der kleine Siebenj\u00e4hrige hat die ganze Zeit brav seinen Falken getragen. Es ist ihm sicherlich beschwerlich geworden.<\/p>\n<p><img decoding=\"async\" class=\"tabelle2c\" src=\"https:\/\/www.lago-maggiore-urlaub.de\/bilder\/blog\/maccagno\/fest\/fahnenschwinger.jpg\" alt=\"Fest in Maccagno am Lago Maggiore\" \/><\/p>\n<p>Ottone, unser Sachsenk\u00f6nig hat auf dem Balkon den Schl\u00fcssel zum Stadttor \u00fcberreicht bekommen mit dem Gl\u00fcckwunsch, dass eine friedvolle Zeit anbrechen m\u00f6ge.<\/p>\n<p>Er hat sich vorgestellt und bedankt in so einem dezenten deutschen Akzent, dass wir, die wir ihn als \u201eZivilperson\u201c kennen uns kaputtlachen wollten. Aber er war echt gut. Wir sind stolz auf unseren Kaiser.<\/p>\n<p>Danach ging es in Prozession durch die Altstadt von <strong>Maccagno<\/strong>.<br \/>\nIch muss zu meiner Schande gestehen, dass ich dort zum ersten Mal war, nachdem ich seit mittlerweile 35 Jahren nur sieben km entfernt wohne.<\/p>\n<p><img decoding=\"async\" class=\"tabelle2c\" src=\"https:\/\/www.lago-maggiore-urlaub.de\/bilder\/blog\/maccagno\/fest\/fahnenschwinger-2.jpg\" alt=\"Fest in Maccagno am Lago Maggiore\" \/><\/p>\n<p>Ich verspreche euch, dass ich das bald einmal tags\u00fcber wiederholen und dabei viele Fotos machen werde. Motive gibt es haufenweise.<\/p>\n<p><strong>Also ein Tipp von mir: <\/strong><br \/>\nwenn ihr in der Gegend seid und sehen wollt, wie fr\u00fcher unsere D\u00f6rfer waren \u2013 seht euch die Altstadt von <strong>Maccagno Inferiore<\/strong> an.<br \/>\nIn <a href=\"https:\/\/www.lago-maggiore-urlaub.de\/pino\/\"  target=\"_blank\" rel=\"noopener\">Pino<\/a> ist praktisch nur noch mein Haus und eines in n\u00e4chster Nachbarschaft so geblieben. Leider.<\/p>\n<p>Da der Sohn des Eigent\u00fcmers des Nachbarhauses aber ebenso wie wir, alte H\u00e4user liebt, wird in Zukunft vielleicht etwas repariert und innen auch modernisiert werden, aber von aussen wird hoffentlich der alte Charakter beigehalten werden.<\/p>\n<p>VIVA IL RE!<\/p>\n","protected":false},"excerpt":{"rendered":"<p>Der Kaiser, Otto der Erste, K\u00f6nig von Sachsen ist unter grossem Jubel und Festlichkeiten auf einem alten Fischerboot mitsamt seiner Konsorte und seinem Gefolge in Maccagno gelandet. Schon eine ganze Zeit fr\u00fcher, gab es eine Reihe von Spektakeln rund um das Mittelalter. Fahnenschwinger, Falkner, Ritter, Gioccolieri. Es war wirklich beeindruckend. Gestern Abend war es dazu [&hellip;]<\/p>\n","protected":false},"author":2,"featured_media":0,"comment_status":"open","ping_status":"open","sticky":false,"template":"","format":"standard","meta":{"footnotes":""},"categories":[138,36,2,31,1],"tags":[],"class_list":["post-133","post","type-post","status-publish","format-standard","hentry","category-fotos","category-geschichte","category-lago-maggiore","category-maccagno","category-oberitalienische-seen"],"yoast_head":"<!-- This site is optimized with the Yoast SEO plugin v25.6 - https:\/\/yoast.com\/wordpress\/plugins\/seo\/ -->\n<title>Hurra, der Kaiser kommt! - Lago Maggiore<\/title>\n<meta name=\"description\" content=\"Am Lago Maggiore: Hurra, der Kaiser kommt! - Oberitalienische Seen und Tessin, Schweiz.\" \/>\n<meta name=\"robots\" content=\"noindex, follow\" \/>\n<meta property=\"og:locale\" content=\"de_DE\" \/>\n<meta property=\"og:type\" content=\"article\" \/>\n<meta property=\"og:title\" content=\"Hurra, der Kaiser kommt! - Lago Maggiore\" \/>\n<meta property=\"og:description\" content=\"Am Lago Maggiore: Hurra, der Kaiser kommt! - Oberitalienische Seen und Tessin, Schweiz.\" \/>\n<meta property=\"og:url\" content=\"https:\/\/www.lago-maggiore-urlaub.de\/blog\/kaiser-otto-aus-sachsen\/\" \/>\n<meta property=\"og:site_name\" content=\"Lago Maggiore Infos\" \/>\n<meta property=\"article:publisher\" content=\"https:\/\/www.facebook.com\/LagoMaggioreUrlaub\" \/>\n<meta property=\"article:published_time\" content=\"2007-08-06T22:35:32+00:00\" \/>\n<meta property=\"article:modified_time\" content=\"2018-12-13T16:24:29+00:00\" \/>\n<meta property=\"og:image\" content=\"https:\/\/www.lago-maggiore-urlaub.de\/bilder\/blog\/maccagno\/fest\/kaiser-ist-angekommen.jpg\" \/>\n<meta name=\"author\" content=\"Christel Schicht-Pedroni\" \/>\n<meta name=\"twitter:card\" content=\"summary_large_image\" \/>\n<meta name=\"twitter:creator\" content=\"@lagomaggioreurl\" \/>\n<meta name=\"twitter:site\" content=\"@lagomaggioreurl\" \/>\n<meta name=\"twitter:label1\" content=\"Verfasst von\" \/>\n\t<meta name=\"twitter:data1\" content=\"Christel Schicht-Pedroni\" \/>\n\t<meta name=\"twitter:label2\" content=\"Gesch\u00e4tzte Lesezeit\" \/>\n\t<meta name=\"twitter:data2\" content=\"2\u00a0Minuten\" \/>\n<script type=\"application\/ld+json\" class=\"yoast-schema-graph\">{\"@context\":\"https:\/\/schema.org\",\"@graph\":[{\"@type\":\"WebPage\",\"@id\":\"https:\/\/www.lago-maggiore-urlaub.de\/blog\/kaiser-otto-aus-sachsen\/\",\"url\":\"https:\/\/www.lago-maggiore-urlaub.de\/blog\/kaiser-otto-aus-sachsen\/\",\"name\":\"Hurra, der Kaiser kommt! - Lago Maggiore\",\"isPartOf\":{\"@id\":\"https:\/\/www.lago-maggiore-urlaub.de\/blog\/#website\"},\"primaryImageOfPage\":{\"@id\":\"https:\/\/www.lago-maggiore-urlaub.de\/blog\/kaiser-otto-aus-sachsen\/#primaryimage\"},\"image\":{\"@id\":\"https:\/\/www.lago-maggiore-urlaub.de\/blog\/kaiser-otto-aus-sachsen\/#primaryimage\"},\"thumbnailUrl\":\"https:\/\/www.lago-maggiore-urlaub.de\/bilder\/blog\/maccagno\/fest\/kaiser-ist-angekommen.jpg\",\"datePublished\":\"2007-08-06T22:35:32+00:00\",\"dateModified\":\"2018-12-13T16:24:29+00:00\",\"author\":{\"@id\":\"https:\/\/www.lago-maggiore-urlaub.de\/blog\/#\/schema\/person\/3e428ba84e76e892325946ea549d0c2d\"},\"description\":\"Am Lago Maggiore: Hurra, der Kaiser kommt! - Oberitalienische Seen und Tessin, Schweiz.\",\"breadcrumb\":{\"@id\":\"https:\/\/www.lago-maggiore-urlaub.de\/blog\/kaiser-otto-aus-sachsen\/#breadcrumb\"},\"inLanguage\":\"de\",\"potentialAction\":[{\"@type\":\"ReadAction\",\"target\":[\"https:\/\/www.lago-maggiore-urlaub.de\/blog\/kaiser-otto-aus-sachsen\/\"]}]},{\"@type\":\"ImageObject\",\"inLanguage\":\"de\",\"@id\":\"https:\/\/www.lago-maggiore-urlaub.de\/blog\/kaiser-otto-aus-sachsen\/#primaryimage\",\"url\":\"https:\/\/www.lago-maggiore-urlaub.de\/bilder\/blog\/maccagno\/fest\/kaiser-ist-angekommen.jpg\",\"contentUrl\":\"https:\/\/www.lago-maggiore-urlaub.de\/bilder\/blog\/maccagno\/fest\/kaiser-ist-angekommen.jpg\"},{\"@type\":\"BreadcrumbList\",\"@id\":\"https:\/\/www.lago-maggiore-urlaub.de\/blog\/kaiser-otto-aus-sachsen\/#breadcrumb\",\"itemListElement\":[{\"@type\":\"ListItem\",\"position\":1,\"name\":\"Home\",\"item\":\"https:\/\/www.lago-maggiore-urlaub.de\/blog\/\"},{\"@type\":\"ListItem\",\"position\":2,\"name\":\"Hurra, der Kaiser kommt!\"}]},{\"@type\":\"WebSite\",\"@id\":\"https:\/\/www.lago-maggiore-urlaub.de\/blog\/#website\",\"url\":\"https:\/\/www.lago-maggiore-urlaub.de\/blog\/\",\"name\":\"Lago Maggiore Infos\",\"description\":\"Urlaub an den Oberitalienischen Seen und im Schweizer Tessin...\",\"potentialAction\":[{\"@type\":\"SearchAction\",\"target\":{\"@type\":\"EntryPoint\",\"urlTemplate\":\"https:\/\/www.lago-maggiore-urlaub.de\/blog\/?s={search_term_string}\"},\"query-input\":{\"@type\":\"PropertyValueSpecification\",\"valueRequired\":true,\"valueName\":\"search_term_string\"}}],\"inLanguage\":\"de\"},{\"@type\":\"Person\",\"@id\":\"https:\/\/www.lago-maggiore-urlaub.de\/blog\/#\/schema\/person\/3e428ba84e76e892325946ea549d0c2d\",\"name\":\"Christel Schicht-Pedroni\",\"image\":{\"@type\":\"ImageObject\",\"inLanguage\":\"de\",\"@id\":\"https:\/\/www.lago-maggiore-urlaub.de\/blog\/#\/schema\/person\/image\/\",\"url\":\"https:\/\/secure.gravatar.com\/avatar\/9d33eeb61f96a79c02d47f218dac5f9f?s=96&d=mm&r=g\",\"contentUrl\":\"https:\/\/secure.gravatar.com\/avatar\/9d33eeb61f96a79c02d47f218dac5f9f?s=96&d=mm&r=g\",\"caption\":\"Christel Schicht-Pedroni\"},\"sameAs\":[\"https:\/\/www.lago-maggiore-urlaub.de\/ferienwohnungen_ferienhaeuser\/\"]}]}<\/script>\n<!-- \/ Yoast SEO plugin. -->","yoast_head_json":{"title":"Hurra, der Kaiser kommt! - Lago Maggiore","description":"Am Lago Maggiore: Hurra, der Kaiser kommt! - Oberitalienische Seen und Tessin, Schweiz.","robots":{"index":"noindex","follow":"follow"},"og_locale":"de_DE","og_type":"article","og_title":"Hurra, der Kaiser kommt! - Lago Maggiore","og_description":"Am Lago Maggiore: Hurra, der Kaiser kommt! - Oberitalienische Seen und Tessin, Schweiz.","og_url":"https:\/\/www.lago-maggiore-urlaub.de\/blog\/kaiser-otto-aus-sachsen\/","og_site_name":"Lago Maggiore Infos","article_publisher":"https:\/\/www.facebook.com\/LagoMaggioreUrlaub","article_published_time":"2007-08-06T22:35:32+00:00","article_modified_time":"2018-12-13T16:24:29+00:00","og_image":[{"url":"https:\/\/www.lago-maggiore-urlaub.de\/bilder\/blog\/maccagno\/fest\/kaiser-ist-angekommen.jpg","type":"","width":"","height":""}],"author":"Christel Schicht-Pedroni","twitter_card":"summary_large_image","twitter_creator":"@lagomaggioreurl","twitter_site":"@lagomaggioreurl","twitter_misc":{"Verfasst von":"Christel Schicht-Pedroni","Gesch\u00e4tzte Lesezeit":"2\u00a0Minuten"},"schema":{"@context":"https:\/\/schema.org","@graph":[{"@type":"WebPage","@id":"https:\/\/www.lago-maggiore-urlaub.de\/blog\/kaiser-otto-aus-sachsen\/","url":"https:\/\/www.lago-maggiore-urlaub.de\/blog\/kaiser-otto-aus-sachsen\/","name":"Hurra, der Kaiser kommt! - Lago Maggiore","isPartOf":{"@id":"https:\/\/www.lago-maggiore-urlaub.de\/blog\/#website"},"primaryImageOfPage":{"@id":"https:\/\/www.lago-maggiore-urlaub.de\/blog\/kaiser-otto-aus-sachsen\/#primaryimage"},"image":{"@id":"https:\/\/www.lago-maggiore-urlaub.de\/blog\/kaiser-otto-aus-sachsen\/#primaryimage"},"thumbnailUrl":"https:\/\/www.lago-maggiore-urlaub.de\/bilder\/blog\/maccagno\/fest\/kaiser-ist-angekommen.jpg","datePublished":"2007-08-06T22:35:32+00:00","dateModified":"2018-12-13T16:24:29+00:00","author":{"@id":"https:\/\/www.lago-maggiore-urlaub.de\/blog\/#\/schema\/person\/3e428ba84e76e892325946ea549d0c2d"},"description":"Am Lago Maggiore: Hurra, der Kaiser kommt! - Oberitalienische Seen und Tessin, Schweiz.","breadcrumb":{"@id":"https:\/\/www.lago-maggiore-urlaub.de\/blog\/kaiser-otto-aus-sachsen\/#breadcrumb"},"inLanguage":"de","potentialAction":[{"@type":"ReadAction","target":["https:\/\/www.lago-maggiore-urlaub.de\/blog\/kaiser-otto-aus-sachsen\/"]}]},{"@type":"ImageObject","inLanguage":"de","@id":"https:\/\/www.lago-maggiore-urlaub.de\/blog\/kaiser-otto-aus-sachsen\/#primaryimage","url":"https:\/\/www.lago-maggiore-urlaub.de\/bilder\/blog\/maccagno\/fest\/kaiser-ist-angekommen.jpg","contentUrl":"https:\/\/www.lago-maggiore-urlaub.de\/bilder\/blog\/maccagno\/fest\/kaiser-ist-angekommen.jpg"},{"@type":"BreadcrumbList","@id":"https:\/\/www.lago-maggiore-urlaub.de\/blog\/kaiser-otto-aus-sachsen\/#breadcrumb","itemListElement":[{"@type":"ListItem","position":1,"name":"Home","item":"https:\/\/www.lago-maggiore-urlaub.de\/blog\/"},{"@type":"ListItem","position":2,"name":"Hurra, der Kaiser kommt!"}]},{"@type":"WebSite","@id":"https:\/\/www.lago-maggiore-urlaub.de\/blog\/#website","url":"https:\/\/www.lago-maggiore-urlaub.de\/blog\/","name":"Lago Maggiore Infos","description":"Urlaub an den Oberitalienischen Seen und im Schweizer Tessin...","potentialAction":[{"@type":"SearchAction","target":{"@type":"EntryPoint","urlTemplate":"https:\/\/www.lago-maggiore-urlaub.de\/blog\/?s={search_term_string}"},"query-input":{"@type":"PropertyValueSpecification","valueRequired":true,"valueName":"search_term_string"}}],"inLanguage":"de"},{"@type":"Person","@id":"https:\/\/www.lago-maggiore-urlaub.de\/blog\/#\/schema\/person\/3e428ba84e76e892325946ea549d0c2d","name":"Christel Schicht-Pedroni","image":{"@type":"ImageObject","inLanguage":"de","@id":"https:\/\/www.lago-maggiore-urlaub.de\/blog\/#\/schema\/person\/image\/","url":"https:\/\/secure.gravatar.com\/avatar\/9d33eeb61f96a79c02d47f218dac5f9f?s=96&d=mm&r=g","contentUrl":"https:\/\/secure.gravatar.com\/avatar\/9d33eeb61f96a79c02d47f218dac5f9f?s=96&d=mm&r=g","caption":"Christel Schicht-Pedroni"},"sameAs":["https:\/\/www.lago-maggiore-urlaub.de\/ferienwohnungen_ferienhaeuser\/"]}]}},"_links":{"self":[{"href":"https:\/\/www.lago-maggiore-urlaub.de\/blog\/wp-json\/wp\/v2\/posts\/133"}],"collection":[{"href":"https:\/\/www.lago-maggiore-urlaub.de\/blog\/wp-json\/wp\/v2\/posts"}],"about":[{"href":"https:\/\/www.lago-maggiore-urlaub.de\/blog\/wp-json\/wp\/v2\/types\/post"}],"author":[{"embeddable":true,"href":"https:\/\/www.lago-maggiore-urlaub.de\/blog\/wp-json\/wp\/v2\/users\/2"}],"replies":[{"embeddable":true,"href":"https:\/\/www.lago-maggiore-urlaub.de\/blog\/wp-json\/wp\/v2\/comments?post=133"}],"version-history":[{"count":4,"href":"https:\/\/www.lago-maggiore-urlaub.de\/blog\/wp-json\/wp\/v2\/posts\/133\/revisions"}],"predecessor-version":[{"id":3918,"href":"https:\/\/www.lago-maggiore-urlaub.de\/blog\/wp-json\/wp\/v2\/posts\/133\/revisions\/3918"}],"wp:attachment":[{"href":"https:\/\/www.lago-maggiore-urlaub.de\/blog\/wp-json\/wp\/v2\/media?parent=133"}],"wp:term":[{"taxonomy":"category","embeddable":true,"href":"https:\/\/www.lago-maggiore-urlaub.de\/blog\/wp-json\/wp\/v2\/categories?post=133"},{"taxonomy":"post_tag","embeddable":true,"href":"https:\/\/www.lago-maggiore-urlaub.de\/blog\/wp-json\/wp\/v2\/tags?post=133"}],"curies":[{"name":"wp","href":"https:\/\/api.w.org\/{rel}","templated":true}]}}